{"id":27135,"date":"2026-08-31T10:02:00","date_gmt":"2026-08-31T08:02:00","guid":{"rendered":"https:\/\/domusdesign.pl\/?p=27135"},"modified":"2026-07-17T11:52:12","modified_gmt":"2026-07-17T09:52:12","slug":"lazienka-z-tempo-sand-i-sorico-mandorla","status":"publish","type":"post","link":"https:\/\/domusdesign.pl\/?p=27135","title":{"rendered":"\u0141azienka z Tempo Sand i Sorico Mandorla"},"content":{"rendered":"<p>W tym projekcie postawi\u0142am na spokojn\u0105, ciep\u0142\u0105 palet\u0119 barw oraz materia\u0142y, kt\u00f3re buduj\u0105 przytulny, a jednocze\u015bnie elegancki charakter wn\u0119trza. G\u0142\u00f3wn\u0105 rol\u0119 odgrywaj\u0105 wielkoformatowe p\u0142ytki Tau Tempo Sand 100&#215;100, kt\u00f3rych wyrazisty rysunek kamienia nadaje \u015bcianom g\u0142\u0119bi i subtelnie podkre\u015bla stref\u0119 prysznica. Uzupe\u0142ni\u0142am je p\u0142ytkami Ape Bellagio Sorico Mandorla 60&#215;120, tworz\u0105c jednolite, harmonijne t\u0142o dla ca\u0142ej aran\u017cacji.<\/p>\n<p>Zale\u017ca\u0142o mi na prze\u0142amaniu kamiennych powierzchni delikatnym kolorem zabudowy meblowej. Stonowana, sza\u0142wiowa ziele\u0144 w po\u0142\u0105czeniu z jasnym blatem oraz dekoracyjnym motywem kwiatowym przy umywalce wprowadza do wn\u0119trza lekko\u015b\u0107 i odrobin\u0119 klasycznego uroku. Dzi\u0119ki temu \u0142azienka zyskuje bardziej indywidualny charakter, nie trac\u0105c przy tym swojej sp\u00f3jno\u015bci.<\/p>\n<p>Przestrze\u0144 zosta\u0142a zaplanowana z my\u015bl\u0105 o wygodzie codziennego u\u017cytkowania. Znalaz\u0142o si\u0119 tu miejsce na komfortow\u0105 stref\u0119 prysznicow\u0105 z przeszklon\u0105 zabudow\u0105, praktyczn\u0105 zabudow\u0119 pod umywalk\u0105 oraz pojemne szafki, kt\u00f3re pozwalaj\u0105 zachowa\u0107 porz\u0105dek. Jasne kolory, naturalne odcienie kamienia i starannie dobrane detale sprawiaj\u0105, \u017ce wn\u0119trze wydaje si\u0119 lekkie i uporz\u0105dkowane.<\/p>\n","protected":false},"excerpt":{"rendered":"<p>W tym projekcie postawi\u0142am na spokojn\u0105, ciep\u0142\u0105 palet\u0119 barw oraz materia\u0142y, kt\u00f3re buduj\u0105 przytulny, a jednocze\u015bnie elegancki charakter wn\u0119trza. G\u0142\u00f3wn\u0105 rol\u0119 odgrywaj\u0105 wielkoformatowe p\u0142ytki Tau Tempo Sand 100&#215;100, kt\u00f3rych wyrazisty rysunek kamienia nadaje \u015bcianom g\u0142\u0119bi i subtelnie podkre\u015bla stref\u0119 prysznica. Uzupe\u0142ni\u0142am je p\u0142ytkami Ape Bellagio Sorico Mandorla 60&#215;120, tworz\u0105c jednolite,<\/p>\n","protected":false},"author":5,"featured_media":27161,"comment_status":"open","ping_status":"closed","sticky":false,"template":"","format":"standard","meta":{"footnotes":""},"categories":[1],"tags":[33,37,86,32,18],"class_list":["post-27135","post","type-post","status-publish","format-standard","has-post-thumbnail","hentry","category-projekty","tag-bathroom","tag-bathroom-decor","tag-domusdesign","tag-lazienka","tag-stylizowany"],"_links":{"self":[{"href":"https:\/\/domusdesign.pl\/index.php?rest_route=\/wp\/v2\/posts\/27135","targetHints":{"allow":["GET"]}}],"collection":[{"href":"https:\/\/domusdesign.pl\/index.php?rest_route=\/wp\/v2\/posts"}],"about":[{"href":"https:\/\/domusdesign.pl\/index.php?rest_route=\/wp\/v2\/types\/post"}],"author":[{"embeddable":true,"href":"https:\/\/domusdesign.pl\/index.php?rest_route=\/wp\/v2\/users\/5"}],"replies":[{"embeddable":true,"href":"https:\/\/domusdesign.pl\/index.php?rest_route=%2Fwp%2Fv2%2Fcomments&post=27135"}],"version-history":[{"count":2,"href":"https:\/\/domusdesign.pl\/index.php?rest_route=\/wp\/v2\/posts\/27135\/revisions"}],"predecessor-version":[{"id":27167,"href":"https:\/\/domusdesign.pl\/index.php?rest_route=\/wp\/v2\/posts\/27135\/revisions\/27167"}],"wp:featuredmedia":[{"embeddable":true,"href":"https:\/\/domusdesign.pl\/index.php?rest_route=\/wp\/v2\/media\/27161"}],"wp:attachment":[{"href":"https:\/\/domusdesign.pl\/index.php?rest_route=%2Fwp%2Fv2%2Fmedia&parent=27135"}],"wp:term":[{"taxonomy":"category","embeddable":true,"href":"https:\/\/domusdesign.pl\/index.php?rest_route=%2Fwp%2Fv2%2Fcategories&post=27135"},{"taxonomy":"post_tag","embeddable":true,"href":"https:\/\/domusdesign.pl\/index.php?rest_route=%2Fwp%2Fv2%2Ftags&post=27135"}],"curies":[{"name":"wp","href":"https:\/\/api.w.org\/{rel}","templated":true}]}}