{"id":27133,"date":"2026-08-31T10:01:00","date_gmt":"2026-08-31T08:01:00","guid":{"rendered":"https:\/\/domusdesign.pl\/?p=27133"},"modified":"2026-07-17T11:43:49","modified_gmt":"2026-07-17T09:43:49","slug":"lazienka-na-poddaszu-z-sorico-bianco-i-vintage-perla","status":"publish","type":"post","link":"https:\/\/domusdesign.pl\/?p=27133","title":{"rendered":"\u0141azienka na poddaszu z Sorico Bianco i Vintage Perla"},"content":{"rendered":"<p>W tej realizacji zale\u017ca\u0142o mi na stworzeniu \u0142azienki, kt\u00f3ra \u0142\u0105czy ponadczasow\u0105 elegancj\u0119 z subtelnym, dekoracyjnym charakterem. Baz\u0119 projektu stanowi\u0105 p\u0142ytki Ape Bellagio Sorico Bianco 60&#215;120, kt\u00f3re imituj\u0105 bia\u0142\u0105 boazeri\u0119. Zestawi\u0142am je z dekoracyjn\u0105 posadzk\u0105 Pamesa Vinatge Perla mat 45&#215;45, kt\u00f3rej klasyczny wz\u00f3r przyci\u0105ga wzrok i buduje wyj\u0105tkowy klimat ca\u0142ej aran\u017cacji.<\/p>\n<p>Ca\u0142o\u015b\u0107 utrzymana jest w jasnej, stonowanej kolorystyce. Bia\u0142e \u015bciany z ozdobnymi frezowaniami, marmurowe wyko\u0144czenie blatu pod umywalk\u0105 oraz z\u0142ota armatura tworz\u0105 eleganck\u0105 kompozycj\u0119, kt\u00f3ra pozostaje lekka i harmonijna. Dekoracyjna pod\u0142oga wyra\u017anie wyznacza centraln\u0105 cz\u0119\u015b\u0107 wn\u0119trza, jednocze\u015bnie doskonale wsp\u00f3\u0142graj\u0105c z powierzchniami \u015bcian.<\/p>\n<p>W projekcie znalaz\u0142o si\u0119 miejsce zar\u00f3wno na wygodn\u0105 wann\u0119, jak i pojemn\u0105 zabudow\u0119 meblow\u0105 z umywalk\u0105, dzi\u0119ki czemu przestrze\u0144 jest nie tylko estetyczna, ale r\u00f3wnie\u017c funkcjonalna. Ka\u017cdy element zosta\u0142 dobrany tak, aby podkre\u015bla\u0142 sp\u00f3jno\u015b\u0107 materia\u0142\u00f3w i detali, bez zb\u0119dnego przyt\u0142aczania wn\u0119trza.<\/p>\n<p>To jedna z tych aran\u017cacji, w kt\u00f3rych klasyczne wzornictwo spotyka si\u0119 z nowoczesn\u0105 prostot\u0105. Efektem jest \u0142azienka jasna, elegancka i ponadczasowa \u2013 wn\u0119trze, kt\u00f3re pozostanie aktualne mimo zmieniaj\u0105cych si\u0119 trend\u00f3w.<\/p>\n","protected":false},"excerpt":{"rendered":"<p>W tej realizacji zale\u017ca\u0142o mi na stworzeniu \u0142azienki, kt\u00f3ra \u0142\u0105czy ponadczasow\u0105 elegancj\u0119 z subtelnym, dekoracyjnym charakterem. Baz\u0119 projektu stanowi\u0105 p\u0142ytki Ape Bellagio Sorico Bianco 60&#215;120, kt\u00f3re imituj\u0105 bia\u0142\u0105 boazeri\u0119. Zestawi\u0142am je z dekoracyjn\u0105 posadzk\u0105 Pamesa Vinatge Perla mat 45&#215;45, kt\u00f3rej klasyczny wz\u00f3r przyci\u0105ga wzrok i buduje wyj\u0105tkowy klimat ca\u0142ej aran\u017cacji.<\/p>\n","protected":false},"author":5,"featured_media":27152,"comment_status":"open","ping_status":"closed","sticky":false,"template":"","format":"standard","meta":{"footnotes":""},"categories":[1],"tags":[33,37,86,32,18],"class_list":["post-27133","post","type-post","status-publish","format-standard","has-post-thumbnail","hentry","category-projekty","tag-bathroom","tag-bathroom-decor","tag-domusdesign","tag-lazienka","tag-stylizowany"],"_links":{"self":[{"href":"https:\/\/domusdesign.pl\/index.php?rest_route=\/wp\/v2\/posts\/27133","targetHints":{"allow":["GET"]}}],"collection":[{"href":"https:\/\/domusdesign.pl\/index.php?rest_route=\/wp\/v2\/posts"}],"about":[{"href":"https:\/\/domusdesign.pl\/index.php?rest_route=\/wp\/v2\/types\/post"}],"author":[{"embeddable":true,"href":"https:\/\/domusdesign.pl\/index.php?rest_route=\/wp\/v2\/users\/5"}],"replies":[{"embeddable":true,"href":"https:\/\/domusdesign.pl\/index.php?rest_route=%2Fwp%2Fv2%2Fcomments&post=27133"}],"version-history":[{"count":3,"href":"https:\/\/domusdesign.pl\/index.php?rest_route=\/wp\/v2\/posts\/27133\/revisions"}],"predecessor-version":[{"id":27159,"href":"https:\/\/domusdesign.pl\/index.php?rest_route=\/wp\/v2\/posts\/27133\/revisions\/27159"}],"wp:featuredmedia":[{"embeddable":true,"href":"https:\/\/domusdesign.pl\/index.php?rest_route=\/wp\/v2\/media\/27152"}],"wp:attachment":[{"href":"https:\/\/domusdesign.pl\/index.php?rest_route=%2Fwp%2Fv2%2Fmedia&parent=27133"}],"wp:term":[{"taxonomy":"category","embeddable":true,"href":"https:\/\/domusdesign.pl\/index.php?rest_route=%2Fwp%2Fv2%2Fcategories&post=27133"},{"taxonomy":"post_tag","embeddable":true,"href":"https:\/\/domusdesign.pl\/index.php?rest_route=%2Fwp%2Fv2%2Ftags&post=27133"}],"curies":[{"name":"wp","href":"https:\/\/api.w.org\/{rel}","templated":true}]}}