{"id":2587,"date":"2018-01-29T08:34:42","date_gmt":"2018-01-29T07:34:42","guid":{"rendered":"http:\/\/domusdesign.pl\/?p=2587"},"modified":"2018-11-05T12:46:19","modified_gmt":"2018-11-05T11:46:19","slug":"lazienka-polaczona-z-pralnia","status":"publish","type":"post","link":"https:\/\/domusdesign.pl\/?p=2587","title":{"rendered":"\u0141azienka po\u0142\u0105czona z pralni\u0105"},"content":{"rendered":"<p>O jak bardzo zazdroszcz\u0119 tym, kt\u00f3rym dane s\u0105 powierzchnie mo\u017cliwe do zagospodarowania pomieszcze\u0144 na spi\u017carni\u0119 i pralni\u0119&#8230; Dla mnie to luksus w czystej postaci \ud83d\ude09 Niestety, prawda jest taka, \u017ce w wi\u0119kszo\u015bci dom\u00f3w pralka tak czy siak przewa\u017cnie \u201el\u0105duje\u201d w <strong>\u0142azience<\/strong>. Co tu zrobi\u0107, gdy metra\u017c jest niewystarczaj\u0105cy a nie mo\u017cemy si\u0119 przebi\u0107 do s\u0105siada powi\u0119kszaj\u0105c przestrze\u0144 o pralnie?<\/p>\n<p><img loading=\"lazy\" decoding=\"async\" class=\"aligncenter size-large wp-image-2584\" title=\"\u0141azienka z oknem\" src=\"https:\/\/domusdesign.pl\/assets_ddpl\/uploads\/2018\/01\/lazienka-z-pralnia-1024x600.jpg\" alt=\"Pralka w zabudowie\" width=\"1024\" height=\"600\" srcset=\"https:\/\/domusdesign.pl\/assets_ddpl\/uploads\/2018\/01\/lazienka-z-pralnia-1024x600.jpg 1024w, https:\/\/domusdesign.pl\/assets_ddpl\/uploads\/2018\/01\/lazienka-z-pralnia-300x176.jpg 300w, https:\/\/domusdesign.pl\/assets_ddpl\/uploads\/2018\/01\/lazienka-z-pralnia-768x450.jpg 768w, https:\/\/domusdesign.pl\/assets_ddpl\/uploads\/2018\/01\/lazienka-z-pralnia.jpg 1690w\" sizes=\"auto, (max-width: 1024px) 100vw, 1024px\" \/><\/p>\n<p>Poni\u017csze rozwi\u0105zanie pokazuje jak dobrze rozplanowane pomieszczenie pozwoli pogodzi\u0107 wzgl\u0119dy estetyczne z funkcjonalnymi. Wytyczne do projektu by\u0142y takie by pomie\u015bci\u0107 sprz\u0119ty \u0142azienkowe (WC, bidet i umywalk\u0119) z pralk\u0105 i suszark\u0105. Konieczne te\u017c by\u0142o umieszczenie sporej szafy.<\/p>\n<p><img loading=\"lazy\" decoding=\"async\" class=\"aligncenter size-large wp-image-2585\" title=\"Szafa w \u0142azience\" src=\"https:\/\/domusdesign.pl\/assets_ddpl\/uploads\/2018\/01\/mala-lazienka-z-oknem-1-1024x600.jpg\" alt=\"Ma\u0142a \u0142azienka\" width=\"1024\" height=\"600\" srcset=\"https:\/\/domusdesign.pl\/assets_ddpl\/uploads\/2018\/01\/mala-lazienka-z-oknem-1-1024x600.jpg 1024w, https:\/\/domusdesign.pl\/assets_ddpl\/uploads\/2018\/01\/mala-lazienka-z-oknem-1-300x176.jpg 300w, https:\/\/domusdesign.pl\/assets_ddpl\/uploads\/2018\/01\/mala-lazienka-z-oknem-1-768x450.jpg 768w, https:\/\/domusdesign.pl\/assets_ddpl\/uploads\/2018\/01\/mala-lazienka-z-oknem-1.jpg 1690w\" sizes=\"auto, (max-width: 1024px) 100vw, 1024px\" \/><\/p>\n<p>Wraz z klientami postanowili\u015bmy u\u0142o\u017cy\u0107 p\u0142ytki tylko na dw\u00f3ch \u015bcianach. Wyb\u00f3r pad\u0142 na klasyczny wz\u00f3r cegie\u0142ki (<strong><a href=\"https:\/\/domus-sklep.pl\/metro-\/156-biselado-blanco-brillo-10x20.html\">Biselado Blanco 10 x 20cm<\/a><\/strong>), kt\u00f3ra pasuje w zasadzie do ka\u017cdego koloru. Dla utrzymania klimatu na <a href=\"https:\/\/domus-sklep.pl\/7-plytki-podlogowe\">pod\u0142og\u0119<\/a> wybrana zosta\u0142a p\u0142ytka <strong>Fiorella w formacie 15 x 15<\/strong> hiszpa\u0144skiej marki <a href=\"https:\/\/domus-sklep.pl\/59_carmen\"><strong>Carmen<\/strong><\/a>. To w\u0142a\u015bnie pod\u0142oga wp\u0142yn\u0119\u0142a na wyb\u00f3r koloru \u015bciany w miejscach, gdzie by\u0142a malowana. Szaro-niebieski odcie\u0144 znalaz\u0142 si\u0119 na \u015bcianie z oknem, we wn\u0119kach nad WC i bidetem oraz za szaf\u0105.<\/p>\n<p><img loading=\"lazy\" decoding=\"async\" class=\"aligncenter size-large wp-image-2582\" title=\"Ma\u0142a \u0142azienka\" src=\"https:\/\/domusdesign.pl\/assets_ddpl\/uploads\/2018\/01\/lazienka-z-bidetem-1024x600.jpg\" alt=\"Szafa w \u0142azience\" width=\"1024\" height=\"600\" srcset=\"https:\/\/domusdesign.pl\/assets_ddpl\/uploads\/2018\/01\/lazienka-z-bidetem-1024x600.jpg 1024w, https:\/\/domusdesign.pl\/assets_ddpl\/uploads\/2018\/01\/lazienka-z-bidetem-300x176.jpg 300w, https:\/\/domusdesign.pl\/assets_ddpl\/uploads\/2018\/01\/lazienka-z-bidetem-768x450.jpg 768w, https:\/\/domusdesign.pl\/assets_ddpl\/uploads\/2018\/01\/lazienka-z-bidetem.jpg 1690w\" sizes=\"auto, (max-width: 1024px) 100vw, 1024px\" \/><\/p>\n<p>Pralka oraz suszarka zlokalizowane zosta\u0142y po lewej stronie od wej\u015bcia w zabudowie meblowej. Dodatkowo strefa \u201eprania\u201d zaznaczona zosta\u0142a plakatami ze zdefiniowanymi symbolami konserwacji odzie\u017cy.Dla urozmaicenia przestrzeni lustro asymetrycznie podzieli\u0142o \u015bcian\u0119 od pod\u0142ogi a\u017c po sufit. I kto powiedzia\u0142, \u017ce <strong>\u0142azienko-pralnia<\/strong> nie mo\u017ce wygl\u0105da\u0107 ciekawie? \ud83d\ude09<\/p>\n","protected":false},"excerpt":{"rendered":"<p>O jak bardzo zazdroszcz\u0119 tym, kt\u00f3rym dane s\u0105 powierzchnie mo\u017cliwe do zagospodarowania pomieszcze\u0144 na spi\u017carni\u0119 i pralni\u0119&#8230; Dla mnie to luksus w czystej postaci \ud83d\ude09 Niestety, prawda jest taka, \u017ce w wi\u0119kszo\u015bci dom\u00f3w pralka tak czy siak przewa\u017cnie \u201el\u0105duje\u201d w \u0142azience. Co tu zrobi\u0107, gdy metra\u017c jest niewystarczaj\u0105cy a nie<\/p>\n","protected":false},"author":1,"featured_media":2583,"comment_status":"open","ping_status":"closed","sticky":false,"template":"","format":"standard","meta":{"footnotes":""},"categories":[1],"tags":[13,18],"class_list":["post-2587","post","type-post","status-publish","format-standard","has-post-thumbnail","hentry","category-projekty","tag-patchwork","tag-stylizowany"],"_links":{"self":[{"href":"https:\/\/domusdesign.pl\/index.php?rest_route=\/wp\/v2\/posts\/2587","targetHints":{"allow":["GET"]}}],"collection":[{"href":"https:\/\/domusdesign.pl\/index.php?rest_route=\/wp\/v2\/posts"}],"about":[{"href":"https:\/\/domusdesign.pl\/index.php?rest_route=\/wp\/v2\/types\/post"}],"author":[{"embeddable":true,"href":"https:\/\/domusdesign.pl\/index.php?rest_route=\/wp\/v2\/users\/1"}],"replies":[{"embeddable":true,"href":"https:\/\/domusdesign.pl\/index.php?rest_route=%2Fwp%2Fv2%2Fcomments&post=2587"}],"version-history":[{"count":6,"href":"https:\/\/domusdesign.pl\/index.php?rest_route=\/wp\/v2\/posts\/2587\/revisions"}],"predecessor-version":[{"id":2596,"href":"https:\/\/domusdesign.pl\/index.php?rest_route=\/wp\/v2\/posts\/2587\/revisions\/2596"}],"wp:featuredmedia":[{"embeddable":true,"href":"https:\/\/domusdesign.pl\/index.php?rest_route=\/wp\/v2\/media\/2583"}],"wp:attachment":[{"href":"https:\/\/domusdesign.pl\/index.php?rest_route=%2Fwp%2Fv2%2Fmedia&parent=2587"}],"wp:term":[{"taxonomy":"category","embeddable":true,"href":"https:\/\/domusdesign.pl\/index.php?rest_route=%2Fwp%2Fv2%2Fcategories&post=2587"},{"taxonomy":"post_tag","embeddable":true,"href":"https:\/\/domusdesign.pl\/index.php?rest_route=%2Fwp%2Fv2%2Ftags&post=2587"}],"curies":[{"name":"wp","href":"https:\/\/api.w.org\/{rel}","templated":true}]}}