{"id":17350,"date":"2022-02-18T09:24:34","date_gmt":"2022-02-18T08:24:34","guid":{"rendered":"https:\/\/domusdesign.pl\/?p=17350"},"modified":"2022-02-18T09:24:35","modified_gmt":"2022-02-18T08:24:35","slug":"kolorowy-mix-z-plytek-poitiers","status":"publish","type":"post","link":"https:\/\/domusdesign.pl\/?p=17350","title":{"rendered":"Kolorowy mix z p\u0142ytek Poitiers"},"content":{"rendered":"\n<p>Szukasz pomys\u0142u na udekorowanie \u015bcian wewn\u0105trz prysznica? Opcji jest naprawd\u0119 sporo, ale dzisiaj skupimy si\u0119 na oryginalnym po\u0142\u0105czeniu trzech p\u0142ytek z <a href=\"https:\/\/domus-sklep.pl\/1002-kolekcja-poitiers\">kolekcji Poitiers<\/a>. Pi\u0119kna ziele\u0144 pomieszana z delikatn\u0105 biel\u0105 i szaro\u015bci\u0105, tworz\u0105 bardzo ciekawy, kolorowy mix. Dla dope\u0142nienia ca\u0142o\u015bci aran\u017cacji, nad wann\u0105 zastosowali\u015bmy bardzo wyrazisty fragment zielonej jode\u0142ki z tych samych p\u0142ytek. Reszta jest jasna i stonowana. \u0141azienka pozostaje uniwersalna, lecz mimo to jest wyj\u0105tkowa. <\/p>\n","protected":false},"excerpt":{"rendered":"<p>Szukasz pomys\u0142u na udekorowanie \u015bcian wewn\u0105trz prysznica? Opcji jest naprawd\u0119 sporo, ale dzisiaj skupimy si\u0119 na oryginalnym po\u0142\u0105czeniu trzech p\u0142ytek z kolekcji Poitiers. Pi\u0119kna ziele\u0144 pomieszana z delikatn\u0105 biel\u0105 i szaro\u015bci\u0105, tworz\u0105 bardzo ciekawy, kolorowy mix. Dla dope\u0142nienia ca\u0142o\u015bci aran\u017cacji, nad wann\u0105 zastosowali\u015bmy bardzo wyrazisty fragment zielonej jode\u0142ki z tych<\/p>\n","protected":false},"author":7,"featured_media":17354,"comment_status":"open","ping_status":"closed","sticky":false,"template":"","format":"standard","meta":{"footnotes":""},"categories":[1],"tags":[91,175,177,19,311,238],"class_list":["post-17350","post","type-post","status-publish","format-standard","has-post-thumbnail","hentry","category-projekty","tag-biel","tag-lazienka-z-oknem","tag-lazienka-z-wanna","tag-nowoczesny","tag-szary","tag-zielone-plytki"],"_links":{"self":[{"href":"https:\/\/domusdesign.pl\/index.php?rest_route=\/wp\/v2\/posts\/17350","targetHints":{"allow":["GET"]}}],"collection":[{"href":"https:\/\/domusdesign.pl\/index.php?rest_route=\/wp\/v2\/posts"}],"about":[{"href":"https:\/\/domusdesign.pl\/index.php?rest_route=\/wp\/v2\/types\/post"}],"author":[{"embeddable":true,"href":"https:\/\/domusdesign.pl\/index.php?rest_route=\/wp\/v2\/users\/7"}],"replies":[{"embeddable":true,"href":"https:\/\/domusdesign.pl\/index.php?rest_route=%2Fwp%2Fv2%2Fcomments&post=17350"}],"version-history":[{"count":2,"href":"https:\/\/domusdesign.pl\/index.php?rest_route=\/wp\/v2\/posts\/17350\/revisions"}],"predecessor-version":[{"id":17357,"href":"https:\/\/domusdesign.pl\/index.php?rest_route=\/wp\/v2\/posts\/17350\/revisions\/17357"}],"wp:featuredmedia":[{"embeddable":true,"href":"https:\/\/domusdesign.pl\/index.php?rest_route=\/wp\/v2\/media\/17354"}],"wp:attachment":[{"href":"https:\/\/domusdesign.pl\/index.php?rest_route=%2Fwp%2Fv2%2Fmedia&parent=17350"}],"wp:term":[{"taxonomy":"category","embeddable":true,"href":"https:\/\/domusdesign.pl\/index.php?rest_route=%2Fwp%2Fv2%2Fcategories&post=17350"},{"taxonomy":"post_tag","embeddable":true,"href":"https:\/\/domusdesign.pl\/index.php?rest_route=%2Fwp%2Fv2%2Ftags&post=17350"}],"curies":[{"name":"wp","href":"https:\/\/api.w.org\/{rel}","templated":true}]}}